{"id":20259,"date":"2020-09-12T01:55:09","date_gmt":"2020-09-12T06:55:09","guid":{"rendered":"https:\/\/badhombreskin.com\/?p=20259"},"modified":"2020-09-16T23:12:39","modified_gmt":"2020-09-17T04:12:39","slug":"las-15-mejores-fragancias-masculinas-para-otono-invierno-2020","status":"publish","type":"post","link":"https:\/\/badhombremagazine.com\/skin\/las-15-mejores-fragancias-masculinas-para-otono-invierno-2020\/","title":{"rendered":"Las 15 fragancias masculinas (que todo hombre debe tener) para oto\u00f1o &#8211; invierno 2020"},"content":{"rendered":"<p><span style=\"font-weight: 400;\">Los perfumes son un elemento fundamental en el <\/span><i><span style=\"font-weight: 400;\">outfit <\/span><\/i><span style=\"font-weight: 400;\">de cualquier hombre. Las fragancias puntualizan estilo, personalidad y el car\u00e1cter con el que nos proyectamos ante el mundo, y aunque no lo creas el olor corporal depende en su mayor\u00eda del entorno en el que nos desenvolvamos. Por ejemplo, mientras que en d\u00edas calurosos buscamos opciones frescas y m\u00e1s esteparias, en la temporada de fr\u00edo seguramente encontraremos fragancias con matices m\u00e1s s\u00f3lidos <\/span>(sean suaves o fuertes)<\/p>\n<p><span style=\"font-weight: 400;\">As\u00ed que si eres de los que usa el mismo perfume todos los d\u00edas y tienes el deseo de cambiarlo pero no has encontrado el ideal, te compartimos las mejores fragancias masculinas que puedes usar esta temporada de oto\u00f1o-invierno 2020.\u00a0<\/span><\/p>\n<p>&nbsp;<\/p>\n<p><b>Dolce &amp; Gabbana <\/b>&#8211; <em>K<\/em> <em>(Edici\u00f3n Especial)<\/em><\/p>\n<div id=\"attachment_22624\" style=\"width: 1717px\" class=\"wp-caption aligncenter\"><img fetchpriority=\"high\" decoding=\"async\" aria-describedby=\"caption-attachment-22624\" class=\"size-full wp-image-22624 cmsmasters_img cmsmasters-lazyload lazyload\" src=\"data:image\/png;base64,iVBORw0KGgoAAAANSUhEUgAAAAEAAAABAQMAAAAl21bKAAAAA1BMVEUAAP+KeNJXAAAAAXRSTlMAQObYZgAAAAlwSFlzAAAOxAAADsQBlSsOGwAAAApJREFUCNdjYAAAAAIAAeIhvDMAAAAASUVORK5CYII=\" alt=\"\" width=\"1707\" height=\"2560\" data-sizes=\"auto\" data-src=\"https:\/\/badhombremagazine.com\/wp-content\/uploads\/2020\/09\/MG_5539-scaled.jpg\"><p id=\"caption-attachment-22624\" class=\"wp-caption-text\">Foto: Eugenio A. Schulz<\/p><\/div>\n<p><span style=\"font-weight: 400;\">Una fragancia denominada como seductora y masculina. K es la m\u00e1s reciente apuesta de la firma de moda italiana Dolce &amp; Gabbana. Su aroma con notas c\u00edtricas y maderas c\u00e1lidas te envuelve en un terreno vibrante e intenso que hace un <\/span><i><span style=\"font-weight: 400;\">match<\/span><\/i><span style=\"font-weight: 400;\"> perfecto con la temporada. Bajo el concepto de #OwnYourCrown Dolce &amp; Gabbana muestra al hombre contempor\u00e1neo como el rey en su vida cotidiana.\u00a0<\/span><\/p>\n<p>&nbsp;<\/p>\n<p><b>Dyptique\u00a0<\/b><\/p>\n<div id=\"attachment_22623\" style=\"width: 1716px\" class=\"wp-caption aligncenter\"><img decoding=\"async\" aria-describedby=\"caption-attachment-22623\" class=\"size-full wp-image-22623 cmsmasters_img cmsmasters-lazyload lazyload\" src=\"data:image\/png;base64,iVBORw0KGgoAAAANSUhEUgAAAAEAAAABAQMAAAAl21bKAAAAA1BMVEUAAP+KeNJXAAAAAXRSTlMAQObYZgAAAAlwSFlzAAAOxAAADsQBlSsOGwAAAApJREFUCNdjYAAAAAIAAeIhvDMAAAAASUVORK5CYII=\" alt=\"\" width=\"1706\" height=\"2560\" data-sizes=\"auto\" data-src=\"https:\/\/badhombremagazine.com\/wp-content\/uploads\/2020\/09\/MG_5545-scaled.jpg\"><p id=\"caption-attachment-22623\" class=\"wp-caption-text\">Foto: Eugenio A. Schulz<\/p><\/div>\n<p><em>TamDao<\/em><\/p>\n<p><span style=\"font-weight: 400;\">Compuesta por los aromas m\u00e1s profundos del bosque.Esta fragancia proviene de la familia olfativa Almizcle Floral Amaderado para hombres y mujeres. Si buscas una fragancia con esencias templadas y naturales esta puede ser tu mejor opci\u00f3n.<\/span><\/p>\n<p><em>Eau Capitale<\/em><\/p>\n<p><span style=\"font-weight: 400;\">Una fragancia de la familia del Chipre que rinde homenaje a Par\u00eds. Con esencias de rosa, bergamota y pachul\u00ed busca adentrarte por el abanico de la Ciudad de las Luces. Su ilustraci\u00f3n est\u00e1 inspirada en la misma arquitectura parisina.\u00a0<\/span><\/p>\n<p>&nbsp;<\/p>\n<p><b>Versace <\/b>&#8211; <em>Eros<\/em><\/p>\n<div id=\"attachment_22612\" style=\"width: 1717px\" class=\"wp-caption aligncenter\"><img decoding=\"async\" aria-describedby=\"caption-attachment-22612\" class=\"size-full wp-image-22612 cmsmasters_img cmsmasters-lazyload lazyload\" src=\"data:image\/png;base64,iVBORw0KGgoAAAANSUhEUgAAAAEAAAABAQMAAAAl21bKAAAAA1BMVEUAAP+KeNJXAAAAAXRSTlMAQObYZgAAAAlwSFlzAAAOxAAADsQBlSsOGwAAAApJREFUCNdjYAAAAAIAAeIhvDMAAAAASUVORK5CYII=\" alt=\"\" width=\"1707\" height=\"2560\" data-sizes=\"auto\" data-src=\"https:\/\/badhombremagazine.com\/wp-content\/uploads\/2020\/09\/MG_5636-scaled.jpg\"><p id=\"caption-attachment-22612\" class=\"wp-caption-text\">Foto: Eugenio A. Schulz<\/p><\/div>\n<p><span style=\"font-weight: 400;\">Intensa, vibrante y resplandeciente es como se define esta fragancia envuelta por maderas como la de cedro: una apuesta de Versace por mantener la frescura sin perder la intensidad que rodea a esta loci\u00f3n. Definitivamente una de las ganadoras de la temporada.\u00a0<\/span><\/p>\n<p>&nbsp;<\/p>\n<p><b>Issey Miyake <\/b>&#8211; <em>Fusion d&#8217;Issey\u00a0<\/em><\/p>\n<div id=\"attachment_22626\" style=\"width: 1717px\" class=\"wp-caption aligncenter\"><img loading=\"lazy\" decoding=\"async\" aria-describedby=\"caption-attachment-22626\" class=\"size-full wp-image-22626 cmsmasters_img cmsmasters-lazyload lazyload\" src=\"data:image\/png;base64,iVBORw0KGgoAAAANSUhEUgAAAAEAAAABAQMAAAAl21bKAAAAA1BMVEUAAP+KeNJXAAAAAXRSTlMAQObYZgAAAAlwSFlzAAAOxAAADsQBlSsOGwAAAApJREFUCNdjYAAAAAIAAeIhvDMAAAAASUVORK5CYII=\" alt=\"\" width=\"1707\" height=\"2560\" data-sizes=\"auto\" data-src=\"https:\/\/badhombremagazine.com\/wp-content\/uploads\/2020\/09\/MG_5519-scaled.jpg\"><p id=\"caption-attachment-22626\" class=\"wp-caption-text\">Foto: Eugenio A. Schulz<\/p><\/div>\n<p><span style=\"font-weight: 400;\">Con esencias de lim\u00f3n, pachuli y s\u00e1ndalo, la propuesta de Issey Miyake revela una nueva masculinidad entre calor y fr\u00edo con olores <\/span><span style=\"font-weight: 400;\">naturales repletos de vitalidad y energ\u00eda. Una de las fragancias con las mejores combinaciones naturales para el d\u00eda a d\u00eda.\u00a0<\/span><\/p>\n<p>&nbsp;<\/p>\n<p><strong>Perfum\u00e9rica\u00a0<\/strong>&#8211; <em>HC5<\/em><\/p>\n<div id=\"attachment_22621\" style=\"width: 1717px\" class=\"wp-caption aligncenter\"><img loading=\"lazy\" decoding=\"async\" aria-describedby=\"caption-attachment-22621\" class=\"size-full wp-image-22621 cmsmasters_img cmsmasters-lazyload lazyload\" src=\"data:image\/png;base64,iVBORw0KGgoAAAANSUhEUgAAAAEAAAABAQMAAAAl21bKAAAAA1BMVEUAAP+KeNJXAAAAAXRSTlMAQObYZgAAAAlwSFlzAAAOxAAADsQBlSsOGwAAAApJREFUCNdjYAAAAAIAAeIhvDMAAAAASUVORK5CYII=\" alt=\"\" width=\"1707\" height=\"2560\" data-sizes=\"auto\" data-src=\"https:\/\/badhombremagazine.com\/wp-content\/uploads\/2020\/09\/MG_5556-scaled.jpg\"><p id=\"caption-attachment-22621\" class=\"wp-caption-text\">Foto: Eugenio A. Schulz<\/p><\/div>\n<p><span style=\"font-weight: 400;\">Una esencia unisex elaborada con madera de Oud ideal por sus notas ex\u00f3ticas. Entre su ruta olfativa se encuentra el palo de rosa, s\u00e1ndalo y la bergamota. Si a\u00fan no te convence alguna, con Perfum\u00e9rica puedes crear tu propia fragancia. Lo incre\u00edble es puedes capturar tus esencias favoritas y las que creas convenientes para definir tu personalidad. <\/span><span style=\"font-weight: 400;\">Atr\u00e9vete a ser parte de esta experiencia en su propia p\u00e1gina. <\/span><a href=\"http:\/\/www.perfumerica.mx\" target=\"_blank\" rel=\"noopener noreferrer\"><span style=\"font-weight: 400;\">www.perfumerica.mx<\/span><\/a><\/p>\n<p>&nbsp;<\/p>\n<p><b>Moschino <\/b>&#8211; <em>Toy Boy<\/em><\/p>\n<div id=\"attachment_22619\" style=\"width: 1717px\" class=\"wp-caption aligncenter\"><img loading=\"lazy\" decoding=\"async\" aria-describedby=\"caption-attachment-22619\" class=\"size-full wp-image-22619 cmsmasters_img cmsmasters-lazyload lazyload\" src=\"data:image\/png;base64,iVBORw0KGgoAAAANSUhEUgAAAAEAAAABAQMAAAAl21bKAAAAA1BMVEUAAP+KeNJXAAAAAXRSTlMAQObYZgAAAAlwSFlzAAAOxAAADsQBlSsOGwAAAApJREFUCNdjYAAAAAIAAeIhvDMAAAAASUVORK5CYII=\" alt=\"\" width=\"1707\" height=\"2560\" data-sizes=\"auto\" data-src=\"https:\/\/badhombremagazine.com\/wp-content\/uploads\/2020\/09\/MG_5592-scaled.jpg\"><p id=\"caption-attachment-22619\" class=\"wp-caption-text\">Foto: Eugenio A. Schulz<\/p><\/div>\n<p><span style=\"font-weight: 400;\">Una fragancia nueva catalogada como elegante: contiene toques de bergamota italiana, frutos rojos y nuez moscada. Se mantiene fiel al humor de su marca entre un tono juvenil y din\u00e1mico ideal para todas aquellas personas que buscan reflejar este tipo de personalidad.\u00a0<\/span><\/p>\n<p>&nbsp;<\/p>\n<p><b>Giorgio Armani <\/b>&#8211; <em>Acqua di Gio Profondo<\/em><\/p>\n<div id=\"attachment_22616\" style=\"width: 1717px\" class=\"wp-caption aligncenter\"><img loading=\"lazy\" decoding=\"async\" aria-describedby=\"caption-attachment-22616\" class=\"size-full wp-image-22616 cmsmasters_img cmsmasters-lazyload lazyload\" src=\"data:image\/png;base64,iVBORw0KGgoAAAANSUhEUgAAAAEAAAABAQMAAAAl21bKAAAAA1BMVEUAAP+KeNJXAAAAAXRSTlMAQObYZgAAAAlwSFlzAAAOxAAADsQBlSsOGwAAAApJREFUCNdjYAAAAAIAAeIhvDMAAAAASUVORK5CYII=\" alt=\"\" width=\"1707\" height=\"2560\" data-sizes=\"auto\" data-src=\"https:\/\/badhombremagazine.com\/wp-content\/uploads\/2020\/09\/MG_5562-scaled.jpg\"><p id=\"caption-attachment-22616\" class=\"wp-caption-text\">Foto: Eugenio A. Schulz<\/p><\/div>\n<p><span style=\"font-weight: 400;\">De Giorgio Armani, esta fragancia arom\u00e1tica acu\u00e1tica para hombres contiene notas de lim\u00f3n y ciclamen junto con otras esencias como durazno. Una loci\u00f3n conocida por su frescura y jovialidad.\u00a0<\/span><\/p>\n<p>&nbsp;<\/p>\n<p><b>Bulgari Man <\/b>&#8211; <em>Glacial Essence<\/em><\/p>\n<div id=\"attachment_22614\" style=\"width: 1717px\" class=\"wp-caption aligncenter\"><img loading=\"lazy\" decoding=\"async\" aria-describedby=\"caption-attachment-22614\" class=\"size-full wp-image-22614 cmsmasters_img cmsmasters-lazyload lazyload\" src=\"data:image\/png;base64,iVBORw0KGgoAAAANSUhEUgAAAAEAAAABAQMAAAAl21bKAAAAA1BMVEUAAP+KeNJXAAAAAXRSTlMAQObYZgAAAAlwSFlzAAAOxAAADsQBlSsOGwAAAApJREFUCNdjYAAAAAIAAeIhvDMAAAAASUVORK5CYII=\" alt=\"\" width=\"1707\" height=\"2560\" data-sizes=\"auto\" data-src=\"https:\/\/badhombremagazine.com\/wp-content\/uploads\/2020\/09\/MG_5629-scaled.jpg\"><p id=\"caption-attachment-22614\" class=\"wp-caption-text\">Foto: Eugenio A. Schulz<\/p><\/div>\n<p><span style=\"font-weight: 400;\">Con el fin de capturar una esencia de monta\u00f1as heladas esta fragancia de toque amaderado <\/span><i><span style=\"font-weight: 400;\">Foug<\/span><\/i><span style=\"font-weight: 400;\">\u00e8<\/span><i><span style=\"font-weight: 400;\">re <\/span><\/i><span style=\"font-weight: 400;\">dedica su olor al poder de los elementos naturales y toma el aire como el s\u00edmbolo principal de esta fragancia.\u00a0<\/span><\/p>\n<p>&nbsp;<\/p>\n<p><b>Salvatore Ferragamo<\/b> &#8211; <em>Salvatore Ferragamo pour Homme\u00a0<\/em><\/p>\n<div id=\"attachment_22613\" style=\"width: 1722px\" class=\"wp-caption aligncenter\"><img loading=\"lazy\" decoding=\"async\" aria-describedby=\"caption-attachment-22613\" class=\"size-full wp-image-22613 cmsmasters_img cmsmasters-lazyload lazyload\" src=\"data:image\/png;base64,iVBORw0KGgoAAAANSUhEUgAAAAEAAAABAQMAAAAl21bKAAAAA1BMVEUAAP+KeNJXAAAAAXRSTlMAQObYZgAAAAlwSFlzAAAOxAAADsQBlSsOGwAAAApJREFUCNdjYAAAAAIAAeIhvDMAAAAASUVORK5CYII=\" alt=\"\" width=\"1712\" height=\"2560\" data-sizes=\"auto\" data-src=\"https:\/\/badhombremagazine.com\/wp-content\/uploads\/2020\/09\/MG_5630.1-scaled.jpg\"><p id=\"caption-attachment-22613\" class=\"wp-caption-text\">Foto: Eugenio A. Schulz<\/p><\/div>\n<p><span style=\"font-weight: 400;\">Con toques de c\u00edtricos mediterr\u00e1neos esta fragancia de notas herb\u00e1ceas encarna elegancia y modernidad con un car\u00e1cter vibrante, sensible y libre repleto de autenticidad. Un aroma imperdible de esta estaci\u00f3n y para aquellos \u00e1vidos de probar nuevas experiencias.\u00a0<\/span><\/p>\n<p>&nbsp;<\/p>\n<p><b>Mercedes Benz <\/b>&#8211; <em>Mercedes Benz Eau de Toilette<\/em><\/p>\n<div id=\"attachment_22620\" style=\"width: 1717px\" class=\"wp-caption aligncenter\"><img loading=\"lazy\" decoding=\"async\" aria-describedby=\"caption-attachment-22620\" class=\"size-full wp-image-22620 cmsmasters_img cmsmasters-lazyload lazyload\" src=\"data:image\/png;base64,iVBORw0KGgoAAAANSUhEUgAAAAEAAAABAQMAAAAl21bKAAAAA1BMVEUAAP+KeNJXAAAAAXRSTlMAQObYZgAAAAlwSFlzAAAOxAAADsQBlSsOGwAAAApJREFUCNdjYAAAAAIAAeIhvDMAAAAASUVORK5CYII=\" alt=\"\" width=\"1707\" height=\"2560\" data-sizes=\"auto\" data-src=\"https:\/\/badhombremagazine.com\/wp-content\/uploads\/2020\/09\/MG_5609-scaled.jpg\"><p id=\"caption-attachment-22620\" class=\"wp-caption-text\">Foto: Eugenio A. Schulz<\/p><\/div>\n<p><span style=\"font-weight: 400;\">Una fragancia intensa y dotada de un estilo vibrante por sus tonos amaderados. Esta agua de tocado para caballero se convierte en un <\/span><i><span style=\"font-weight: 400;\">must <\/span><\/i><span style=\"font-weight: 400;\">dentro de tu armario, para todo tipo de piel y recomendada para uso diario.\u00a0<\/span><\/p>\n<p>&nbsp;<\/p>\n<p><b>Yves Saint Laurent<\/b> &#8211; <em>Y<\/em><\/p>\n<div id=\"attachment_22615\" style=\"width: 1717px\" class=\"wp-caption aligncenter\"><img loading=\"lazy\" decoding=\"async\" aria-describedby=\"caption-attachment-22615\" class=\"size-full wp-image-22615 cmsmasters_img cmsmasters-lazyload lazyload\" src=\"data:image\/png;base64,iVBORw0KGgoAAAANSUhEUgAAAAEAAAABAQMAAAAl21bKAAAAA1BMVEUAAP+KeNJXAAAAAXRSTlMAQObYZgAAAAlwSFlzAAAOxAAADsQBlSsOGwAAAApJREFUCNdjYAAAAAIAAeIhvDMAAAAASUVORK5CYII=\" alt=\"\" width=\"1707\" height=\"2560\" data-sizes=\"auto\" data-src=\"https:\/\/badhombremagazine.com\/wp-content\/uploads\/2020\/09\/MG_5617-scaled.jpg\"><p id=\"caption-attachment-22615\" class=\"wp-caption-text\">Foto: Eugenio A. Schulz<\/p><\/div>\n<p><span style=\"font-weight: 400;\">Con notas de bergamota y jengibre, Y, es una fragancia para hombre que combina de manera equilibrada aceites fundamentales y geranio. Ideal para todos aquellos que buscan olores fuertes e intensos.\u00a0<\/span><\/p>\n<p>&nbsp;<\/p>\n<p><b>Rochas &#8211;<\/b> <em>L\u2019Homme<\/em><\/p>\n<div id=\"attachment_22611\" style=\"width: 1717px\" class=\"wp-caption aligncenter\"><img loading=\"lazy\" decoding=\"async\" aria-describedby=\"caption-attachment-22611\" class=\"size-full wp-image-22611 cmsmasters_img cmsmasters-lazyload lazyload\" src=\"data:image\/png;base64,iVBORw0KGgoAAAANSUhEUgAAAAEAAAABAQMAAAAl21bKAAAAA1BMVEUAAP+KeNJXAAAAAXRSTlMAQObYZgAAAAlwSFlzAAAOxAAADsQBlSsOGwAAAApJREFUCNdjYAAAAAIAAeIhvDMAAAAASUVORK5CYII=\" alt=\"\" width=\"1707\" height=\"2560\" data-sizes=\"auto\" data-src=\"https:\/\/badhombremagazine.com\/wp-content\/uploads\/2020\/09\/MG_5651-scaled.jpg\"><p id=\"caption-attachment-22611\" class=\"wp-caption-text\">Foto: Eugenio A. Schulz<\/p><\/div>\n<p><span style=\"font-weight: 400;\">Pertenece a la familia olfativa Oriental<\/span><i><span style=\"font-weight: 400;\">\u00a0Foug<\/span><\/i><span style=\"font-weight: 400;\">\u00e8<\/span><i><span style=\"font-weight: 400;\">re, <\/span><\/i><span style=\"font-weight: 400;\">es decir, que combina notas c\u00edtricas con aromas c\u00e1lidos. Busca simbolizar al hombre franc\u00e9s contempor\u00e1neo y tambi\u00e9n ser atemporal. Ideal para experimentar nuevos olores.\u00a0<\/span><\/p>\n<p>&nbsp;<\/p>\n<p><b>Mont Blanc <\/b>&#8211; <em>Explorer<\/em><\/p>\n<div id=\"attachment_22625\" style=\"width: 1717px\" class=\"wp-caption aligncenter\"><img loading=\"lazy\" decoding=\"async\" aria-describedby=\"caption-attachment-22625\" class=\"size-full wp-image-22625 cmsmasters_img cmsmasters-lazyload lazyload\" src=\"data:image\/png;base64,iVBORw0KGgoAAAANSUhEUgAAAAEAAAABAQMAAAAl21bKAAAAA1BMVEUAAP+KeNJXAAAAAXRSTlMAQObYZgAAAAlwSFlzAAAOxAAADsQBlSsOGwAAAApJREFUCNdjYAAAAAIAAeIhvDMAAAAASUVORK5CYII=\" alt=\"\" width=\"1707\" height=\"2560\" data-sizes=\"auto\" data-src=\"https:\/\/badhombremagazine.com\/wp-content\/uploads\/2020\/09\/MG_5522-scaled.jpg\"><p id=\"caption-attachment-22625\" class=\"wp-caption-text\">Foto: Eugenio A. Schulz<\/p><\/div>\n<p><span style=\"font-weight: 400;\">Dentro de sus notas est\u00e1 una combinaci\u00f3n enriquecedora de salvia y bergamota con esencias de pachuli. Busca demostrar poder\u00edo y fuerza para el que la utiliza. Se convierte en una fragancia ideal para ocasiones especiales.<\/span><\/p>\n<p>&nbsp;<\/p>\n<p><b>Gucci <\/b>&#8211; <em>Guilty<\/em><\/p>\n<div id=\"attachment_20268\" style=\"width: 1717px\" class=\"wp-caption aligncenter\"><img loading=\"lazy\" decoding=\"async\" aria-describedby=\"caption-attachment-20268\" class=\"wp-image-20268 size-full cmsmasters_img cmsmasters-lazyload lazyload\" src=\"data:image\/png;base64,iVBORw0KGgoAAAANSUhEUgAAAAEAAAABAQMAAAAl21bKAAAAA1BMVEUAAP+KeNJXAAAAAXRSTlMAQObYZgAAAAlwSFlzAAAOxAAADsQBlSsOGwAAAApJREFUCNdjYAAAAAIAAeIhvDMAAAAASUVORK5CYII=\" alt=\"\" width=\"1707\" height=\"2560\" data-sizes=\"(max-width: 1300px) 100vw, 1300px\" data-src=\"https:\/\/badhombremagazine.com\/skin\/wp-content\/uploads\/sites\/5\/2020\/09\/MG_5586-scaled.jpg\" data-srcset=\"https:\/\/i0.wp.com\/badhombremagazine.com\/skin\/wp-content\/uploads\/2020\/09\/MG_5586-scaled.jpg?w=1707&amp;ssl=1 1707w, https:\/\/i0.wp.com\/badhombremagazine.com\/skin\/wp-content\/uploads\/2020\/09\/MG_5586-scaled.jpg?resize=200%2C300&amp;ssl=1 200w, https:\/\/i0.wp.com\/badhombremagazine.com\/skin\/wp-content\/uploads\/2020\/09\/MG_5586-scaled.jpg?resize=683%2C1024&amp;ssl=1 683w, https:\/\/i0.wp.com\/badhombremagazine.com\/skin\/wp-content\/uploads\/2020\/09\/MG_5586-scaled.jpg?resize=768%2C1152&amp;ssl=1 768w, https:\/\/i0.wp.com\/badhombremagazine.com\/skin\/wp-content\/uploads\/2020\/09\/MG_5586-scaled.jpg?resize=1024%2C1536&amp;ssl=1 1024w, https:\/\/i0.wp.com\/badhombremagazine.com\/skin\/wp-content\/uploads\/2020\/09\/MG_5586-scaled.jpg?resize=1365%2C2048&amp;ssl=1 1365w, https:\/\/i0.wp.com\/badhombremagazine.com\/skin\/wp-content\/uploads\/2020\/09\/MG_5586-scaled.jpg?resize=370%2C555&amp;ssl=1 370w, https:\/\/i0.wp.com\/badhombremagazine.com\/skin\/wp-content\/uploads\/2020\/09\/MG_5586-scaled.jpg?resize=800%2C1200&amp;ssl=1 800w, https:\/\/i0.wp.com\/badhombremagazine.com\/skin\/wp-content\/uploads\/2020\/09\/MG_5586-scaled.jpg?resize=185%2C278&amp;ssl=1 185w, https:\/\/i0.wp.com\/badhombremagazine.com\/skin\/wp-content\/uploads\/2020\/09\/MG_5586-scaled.jpg?resize=740%2C1110&amp;ssl=1 740w, https:\/\/i0.wp.com\/badhombremagazine.com\/skin\/wp-content\/uploads\/2020\/09\/MG_5586-scaled.jpg?resize=20%2C30&amp;ssl=1 20w, https:\/\/i0.wp.com\/badhombremagazine.com\/skin\/wp-content\/uploads\/2020\/09\/MG_5586-scaled.jpg?resize=400%2C600&amp;ssl=1 400w, https:\/\/i0.wp.com\/badhombremagazine.com\/skin\/wp-content\/uploads\/2020\/09\/MG_5586-scaled.jpg?resize=1600%2C2400&amp;ssl=1 1600w, https:\/\/i0.wp.com\/badhombremagazine.com\/skin\/wp-content\/uploads\/2020\/09\/MG_5586-scaled.jpg?resize=32%2C48&amp;ssl=1 32w\"><p id=\"caption-attachment-20268\" class=\"wp-caption-text\">Foto: Eugenio A. Schulz<\/p><\/div>\n<p><span style=\"font-weight: 400;\">Una campa\u00f1a protagonizada por Lana del Rey y Jared Leto. Esta fragancia combina notas de rosa y guindilla pues busca sintetizar esos ingredientes populares de las perfumer\u00edas de los a\u00f1os setenta. De toques amaderados y vibrantes se convierte en una de las favoritas de la temporada.\u00a0<\/span><\/p>\n<p>&nbsp;<\/p>\n<p><b>Montblanc <\/b>&#8211; <em>Montblanc Legend (Special Edition)<\/em><\/p>\n<div id=\"attachment_22617\" style=\"width: 1717px\" class=\"wp-caption aligncenter\"><img loading=\"lazy\" decoding=\"async\" aria-describedby=\"caption-attachment-22617\" class=\"size-full wp-image-22617 cmsmasters_img cmsmasters-lazyload lazyload\" src=\"data:image\/png;base64,iVBORw0KGgoAAAANSUhEUgAAAAEAAAABAQMAAAAl21bKAAAAA1BMVEUAAP+KeNJXAAAAAXRSTlMAQObYZgAAAAlwSFlzAAAOxAAADsQBlSsOGwAAAApJREFUCNdjYAAAAAIAAeIhvDMAAAAASUVORK5CYII=\" alt=\"\" width=\"1707\" height=\"2560\" data-sizes=\"auto\" data-src=\"https:\/\/badhombremagazine.com\/wp-content\/uploads\/2020\/09\/MG_5572-scaled.jpg\"><p id=\"caption-attachment-22617\" class=\"wp-caption-text\">Foto: Eugenio A. Schulz<\/p><\/div>\n<p><span style=\"font-weight: 400;\">De la mano del actor mexicano, Diego Boneta, Mont Blanc crea esta fragancia para un hombre libre, creativo y que osa probar nuevas experiencias. Con un aroma helado combina notas de jengibre, bergamota, menta, lavanda y otras m\u00e1s. Una edici\u00f3n limitada repleta de originalidad y estilo para cerrar este 2020.<\/span><\/p>\n<p><span style=\"font-weight: 400;\">Aqu\u00ed lo tienes, prueba nuevas experiencias y conv\u00e9ncete de los mejores aromas. \u00bfCu\u00e1l es tu favorita?<\/span><\/p>\n","protected":false},"excerpt":{"rendered":"<p>Los perfumes son un elemento fundamental en el outfit de cualquier hombre. Las fragancias puntualizan estilo, personalidad y el car\u00e1cter con el que nos proyectamos ante el mundo, y aunque no lo creas el olor corporal depende en su mayor\u00eda del entorno en el que nos desenvolvamos. Por ejemplo, mientras que en d\u00edas calurosos buscamos [&hellip;]<\/p>\n","protected":false},"author":62,"featured_media":20260,"comment_status":"open","ping_status":"closed","sticky":false,"template":"","format":"standard","meta":{"_acf_changed":false,"_monsterinsights_skip_tracking":false,"_monsterinsights_sitenote_active":false,"_monsterinsights_sitenote_note":"","_monsterinsights_sitenote_category":0,"_jetpack_memberships_contains_paid_content":false,"footnotes":""},"categories":[19],"tags":[7],"top_category":[],"class_list":["post-20259","post","type-post","status-publish","format-standard","has-post-thumbnail","hentry","category-cuerpo","tag-badstagram"],"acf":[],"jetpack_featured_media_url":"https:\/\/i0.wp.com\/badhombremagazine.com\/skin\/wp-content\/uploads\/2020\/09\/MG_5629-cover-scaled.jpg?fit=2560%2C1707&ssl=1","jetpack_sharing_enabled":true,"_links":{"self":[{"href":"https:\/\/badhombremagazine.com\/skin\/wp-json\/wp\/v2\/posts\/20259","targetHints":{"allow":["GET"]}}],"collection":[{"href":"https:\/\/badhombremagazine.com\/skin\/wp-json\/wp\/v2\/posts"}],"about":[{"href":"https:\/\/badhombremagazine.com\/skin\/wp-json\/wp\/v2\/types\/post"}],"author":[{"embeddable":true,"href":"https:\/\/badhombremagazine.com\/skin\/wp-json\/wp\/v2\/users\/62"}],"replies":[{"embeddable":true,"href":"https:\/\/badhombremagazine.com\/skin\/wp-json\/wp\/v2\/comments?post=20259"}],"version-history":[{"count":3,"href":"https:\/\/badhombremagazine.com\/skin\/wp-json\/wp\/v2\/posts\/20259\/revisions"}],"predecessor-version":[{"id":20293,"href":"https:\/\/badhombremagazine.com\/skin\/wp-json\/wp\/v2\/posts\/20259\/revisions\/20293"}],"wp:featuredmedia":[{"embeddable":true,"href":"https:\/\/badhombremagazine.com\/skin\/wp-json\/wp\/v2\/media\/20260"}],"wp:attachment":[{"href":"https:\/\/badhombremagazine.com\/skin\/wp-json\/wp\/v2\/media?parent=20259"}],"wp:term":[{"taxonomy":"category","embeddable":true,"href":"https:\/\/badhombremagazine.com\/skin\/wp-json\/wp\/v2\/categories?post=20259"},{"taxonomy":"post_tag","embeddable":true,"href":"https:\/\/badhombremagazine.com\/skin\/wp-json\/wp\/v2\/tags?post=20259"},{"taxonomy":"top_category","embeddable":true,"href":"https:\/\/badhombremagazine.com\/skin\/wp-json\/wp\/v2\/top_category?post=20259"}],"curies":[{"name":"wp","href":"https:\/\/api.w.org\/{rel}","templated":true}]}}